{"id":3342,"date":"2024-05-09T22:10:00","date_gmt":"2024-05-10T05:10:00","guid":{"rendered":"https:\/\/www.tucoemas.org\/?p=3342"},"modified":"2024-08-02T13:42:14","modified_gmt":"2024-08-02T20:42:14","slug":"inclusiv-conference-sustainability-in-action","status":"publish","type":"post","link":"https:\/\/www.tucoemas.org\/es\/inclusiv-conference-sustainability-in-action\/","title":{"rendered":"Conferencia Inclusiv: Sostenibilidad en acci\u00f3n"},"content":{"rendered":"<div class=\"co-flex_row co-flex_row__white co-flex_row__last co-flex_row__long-form-text\" >\n\t<div class=\"co-flex_row--row co-row\">\n\t\t\t<div class=\"co-long_form with-no-media\">\n\t\t\t\t\t<div class=\"co-long_form--block co-long_form--block__nomedia prow items-start  flex-center\">\n\t\t\t\t<div class=\"co-long_form--text pcol-md:12\">\n\t\t\t\t\t<div class=\"co-long_form--content text-component\"><p><img loading=\"lazy\" decoding=\"async\" class=\"size-medium wp-image-3343 alignleft\" src=\"https:\/\/www.tucoemas.org\/files\/Brice-Inclusiv-1-405x540.jpg\" alt=\"Inclusiv Conference\" width=\"405\" height=\"540\" srcset=\"https:\/\/www.tucoemas.org\/files\/Brice-Inclusiv-1-405x540.jpg 405w, https:\/\/www.tucoemas.org\/files\/Brice-Inclusiv-1-548x730.jpg 548w, https:\/\/www.tucoemas.org\/files\/Brice-Inclusiv-1-768x1024.jpg 768w, https:\/\/www.tucoemas.org\/files\/Brice-Inclusiv-1-1152x1536.jpg 1152w, https:\/\/www.tucoemas.org\/files\/Brice-Inclusiv-1-1536x2048.jpg 1536w, https:\/\/www.tucoemas.org\/files\/Brice-Inclusiv-1-297x396.jpg 297w, https:\/\/www.tucoemas.org\/files\/Brice-Inclusiv-1-630x840.jpg 630w, https:\/\/www.tucoemas.org\/files\/Brice-Inclusiv-1-56x75.jpg 56w, https:\/\/www.tucoemas.org\/files\/Brice-Inclusiv-1-scaled.jpg 1920w\" sizes=\"auto, (max-width: 405px) 100vw, 405px\" \/>Nos enorgullece haber representado a Tucoemas en la reciente Conferencia Inclusiv, donde l\u00edderes del sector debatieron sobre la Sostenibilidad en Acci\u00f3n. La conferencia fue una plataforma de di\u00e1logo y un llamado a la acci\u00f3n para que las cooperativas de cr\u00e9dito desempe\u00f1en un papel fundamental en la construcci\u00f3n de un futuro inclusivo, equitativo y verde.<\/p>\n<p>Nuestro director ejecutivo subi\u00f3 al escenario en la conferencia para compartir ideas sobre c\u00f3mo escuchar a nuestras comunidades puede guiarnos para convertirnos en l\u00edderes en espacios verdes. Desde pr\u00e1cticas de construcci\u00f3n sostenible hasta iniciativas comunitarias, creemos en aprovechar nuestro poder colectivo para impulsar un cambio positivo.<\/p>\n<p>La conferencia enfatiz\u00f3 la urgencia de abordar el cambio clim\u00e1tico y fortalecer la resiliencia comunitaria. Como cooperativas financieras con un fuerte arraigo en nuestros vecindarios, las cooperativas de cr\u00e9dito tienen una oportunidad \u00fanica de liderar con el ejemplo. Al integrar la sostenibilidad en nuestras operaciones y estrategias de inversi\u00f3n, podemos lograr avances significativos hacia un futuro con mayor conciencia ambiental.<\/p>\n<p><img loading=\"lazy\" decoding=\"async\" class=\"size-medium wp-image-3344 alignleft\" src=\"https:\/\/www.tucoemas.org\/files\/Inclusiv-Conference-50-2-405x540.jpg\" alt=\"Inclusiv Conference: Sustainability in Action\" width=\"405\" height=\"540\" srcset=\"https:\/\/www.tucoemas.org\/files\/Inclusiv-Conference-50-2-405x540.jpg 405w, https:\/\/www.tucoemas.org\/files\/Inclusiv-Conference-50-2-548x730.jpg 548w, https:\/\/www.tucoemas.org\/files\/Inclusiv-Conference-50-2-768x1024.jpg 768w, https:\/\/www.tucoemas.org\/files\/Inclusiv-Conference-50-2-1152x1536.jpg 1152w, https:\/\/www.tucoemas.org\/files\/Inclusiv-Conference-50-2-1536x2048.jpg 1536w, https:\/\/www.tucoemas.org\/files\/Inclusiv-Conference-50-2-297x396.jpg 297w, https:\/\/www.tucoemas.org\/files\/Inclusiv-Conference-50-2-630x840.jpg 630w, https:\/\/www.tucoemas.org\/files\/Inclusiv-Conference-50-2-56x75.jpg 56w, https:\/\/www.tucoemas.org\/files\/Inclusiv-Conference-50-2-scaled.jpg 1920w\" sizes=\"auto, (max-width: 405px) 100vw, 405px\" \/>Pero la sostenibilidad no se trata solo de reducir nuestra huella de carbono; tambi\u00e9n implica fomentar el empoderamiento econ\u00f3mico y la equidad social. Mediante alianzas y soluciones innovadoras, podemos crear v\u00edas para que todos los miembros de la comunidad prosperen, independientemente de su origen o circunstancias.<\/p>\n<p>Al reflexionar sobre las conclusiones de la conferencia, nos comprometemos m\u00e1s que nunca a promover la sostenibilidad en todas sus formas. Nos entusiasma mantenerlos informados sobre las medidas sostenibles que implementamos en nuestra pr\u00e1ctica.<\/p>\n<p>&nbsp;<\/p>\n<\/div>\t\t\t\t<\/div>\n\t\t\t\t\t\t\t<\/div>\n\t\t\t\t<\/div>\n\n\t<\/div>\n<\/div>","protected":false},"excerpt":{"rendered":"","protected":false},"author":11,"featured_media":0,"comment_status":"closed","ping_status":"closed","sticky":false,"template":"","format":"standard","meta":{"_acf_changed":false,"_searchwp_excluded":"","footnotes":""},"categories":[20],"class_list":["post-3342","post","type-post","status-publish","format-standard","hentry","category-press-releases"],"acf":[],"yoast_head":"<!-- This site is optimized with the Yoast SEO plugin v27.2 - https:\/\/yoast.com\/product\/yoast-seo-wordpress\/ -->\n<title>Inclusiv Conference: Sustainability in Action - Tucoemas FCU<\/title>\n<meta name=\"robots\" content=\"index, follow, max-snippet:-1, max-image-preview:large, max-video-preview:-1\" \/>\n<link rel=\"canonical\" href=\"https:\/\/www.tucoemas.org\/es\/inclusiv-conference-sustainability-in-action\/\" \/>\n<meta property=\"og:locale\" content=\"es_ES\" \/>\n<meta property=\"og:type\" content=\"article\" \/>\n<meta property=\"og:title\" content=\"Inclusiv Conference: Sustainability in Action - Tucoemas FCU\" \/>\n<meta property=\"og:url\" content=\"https:\/\/www.tucoemas.org\/es\/inclusiv-conference-sustainability-in-action\/\" \/>\n<meta property=\"og:site_name\" content=\"Tucoemas FCU\" \/>\n<meta property=\"article:published_time\" content=\"2024-05-10T05:10:00+00:00\" \/>\n<meta property=\"article:modified_time\" content=\"2024-08-02T20:42:14+00:00\" \/>\n<meta name=\"author\" content=\"Rylee Y\" \/>\n<meta name=\"twitter:card\" content=\"summary_large_image\" \/>\n<meta name=\"twitter:label1\" content=\"Written by\" \/>\n\t<meta name=\"twitter:data1\" content=\"Rylee Y\" \/>\n<script type=\"application\/ld+json\" class=\"yoast-schema-graph\">{\"@context\":\"https:\/\/schema.org\",\"@graph\":[{\"@type\":\"Article\",\"@id\":\"https:\/\/www.tucoemas.org\/inclusiv-conference-sustainability-in-action\/#article\",\"isPartOf\":{\"@id\":\"https:\/\/www.tucoemas.org\/inclusiv-conference-sustainability-in-action\/\"},\"author\":{\"name\":\"Rylee Y\",\"@id\":\"https:\/\/www.tucoemas.org\/#\/schema\/person\/9b81d028bafdbee30d331d5c36537c5c\"},\"headline\":\"Inclusiv Conference: Sustainability in Action\",\"datePublished\":\"2024-05-10T05:10:00+00:00\",\"dateModified\":\"2024-08-02T20:42:14+00:00\",\"mainEntityOfPage\":{\"@id\":\"https:\/\/www.tucoemas.org\/inclusiv-conference-sustainability-in-action\/\"},\"wordCount\":5,\"articleSection\":[\"Press Releases\"],\"inLanguage\":\"es-ES\"},{\"@type\":\"WebPage\",\"@id\":\"https:\/\/www.tucoemas.org\/inclusiv-conference-sustainability-in-action\/\",\"url\":\"https:\/\/www.tucoemas.org\/inclusiv-conference-sustainability-in-action\/\",\"name\":\"Inclusiv Conference: Sustainability in Action - Tucoemas FCU\",\"isPartOf\":{\"@id\":\"https:\/\/www.tucoemas.org\/#website\"},\"datePublished\":\"2024-05-10T05:10:00+00:00\",\"dateModified\":\"2024-08-02T20:42:14+00:00\",\"author\":{\"@id\":\"https:\/\/www.tucoemas.org\/#\/schema\/person\/9b81d028bafdbee30d331d5c36537c5c\"},\"breadcrumb\":{\"@id\":\"https:\/\/www.tucoemas.org\/inclusiv-conference-sustainability-in-action\/#breadcrumb\"},\"inLanguage\":\"es-ES\",\"potentialAction\":[{\"@type\":\"ReadAction\",\"target\":[\"https:\/\/www.tucoemas.org\/inclusiv-conference-sustainability-in-action\/\"]}]},{\"@type\":\"BreadcrumbList\",\"@id\":\"https:\/\/www.tucoemas.org\/inclusiv-conference-sustainability-in-action\/#breadcrumb\",\"itemListElement\":[{\"@type\":\"ListItem\",\"position\":1,\"name\":\"Home\",\"item\":\"https:\/\/www.tucoemas.org\/\"},{\"@type\":\"ListItem\",\"position\":2,\"name\":\"Inclusiv Conference: Sustainability in Action\"}]},{\"@type\":\"WebSite\",\"@id\":\"https:\/\/www.tucoemas.org\/#website\",\"url\":\"https:\/\/www.tucoemas.org\/\",\"name\":\"Tucoemas FCU\",\"description\":\"A community on the rise.\",\"potentialAction\":[{\"@type\":\"SearchAction\",\"target\":{\"@type\":\"EntryPoint\",\"urlTemplate\":\"https:\/\/www.tucoemas.org\/?s={search_term_string}\"},\"query-input\":{\"@type\":\"PropertyValueSpecification\",\"valueRequired\":true,\"valueName\":\"search_term_string\"}}],\"inLanguage\":\"es-ES\"},{\"@type\":\"Person\",\"@id\":\"https:\/\/www.tucoemas.org\/#\/schema\/person\/9b81d028bafdbee30d331d5c36537c5c\",\"name\":\"Rylee Y\",\"image\":{\"@type\":\"ImageObject\",\"inLanguage\":\"es-ES\",\"@id\":\"https:\/\/secure.gravatar.com\/avatar\/390d81dbb0dad33ea2dec200dfccfced4109a105d32baae3477b6ceb56ec9534?s=96&d=mm&r=g\",\"url\":\"https:\/\/secure.gravatar.com\/avatar\/390d81dbb0dad33ea2dec200dfccfced4109a105d32baae3477b6ceb56ec9534?s=96&d=mm&r=g\",\"contentUrl\":\"https:\/\/secure.gravatar.com\/avatar\/390d81dbb0dad33ea2dec200dfccfced4109a105d32baae3477b6ceb56ec9534?s=96&d=mm&r=g\",\"caption\":\"Rylee Y\"},\"url\":\"https:\/\/www.tucoemas.org\/es\/author\/ryleey\/\"}]}<\/script>\n<!-- \/ Yoast SEO plugin. -->","yoast_head_json":{"title":"Inclusiv Conference: Sustainability in Action - Tucoemas FCU","robots":{"index":"index","follow":"follow","max-snippet":"max-snippet:-1","max-image-preview":"max-image-preview:large","max-video-preview":"max-video-preview:-1"},"canonical":"https:\/\/www.tucoemas.org\/es\/inclusiv-conference-sustainability-in-action\/","og_locale":"es_ES","og_type":"article","og_title":"Inclusiv Conference: Sustainability in Action - Tucoemas FCU","og_url":"https:\/\/www.tucoemas.org\/es\/inclusiv-conference-sustainability-in-action\/","og_site_name":"Tucoemas FCU","article_published_time":"2024-05-10T05:10:00+00:00","article_modified_time":"2024-08-02T20:42:14+00:00","author":"Rylee Y","twitter_card":"summary_large_image","twitter_misc":{"Written by":"Rylee Y"},"schema":{"@context":"https:\/\/schema.org","@graph":[{"@type":"Article","@id":"https:\/\/www.tucoemas.org\/inclusiv-conference-sustainability-in-action\/#article","isPartOf":{"@id":"https:\/\/www.tucoemas.org\/inclusiv-conference-sustainability-in-action\/"},"author":{"name":"Rylee Y","@id":"https:\/\/www.tucoemas.org\/#\/schema\/person\/9b81d028bafdbee30d331d5c36537c5c"},"headline":"Inclusiv Conference: Sustainability in Action","datePublished":"2024-05-10T05:10:00+00:00","dateModified":"2024-08-02T20:42:14+00:00","mainEntityOfPage":{"@id":"https:\/\/www.tucoemas.org\/inclusiv-conference-sustainability-in-action\/"},"wordCount":5,"articleSection":["Press Releases"],"inLanguage":"es-ES"},{"@type":"WebPage","@id":"https:\/\/www.tucoemas.org\/inclusiv-conference-sustainability-in-action\/","url":"https:\/\/www.tucoemas.org\/inclusiv-conference-sustainability-in-action\/","name":"Inclusiv Conference: Sustainability in Action - Tucoemas FCU","isPartOf":{"@id":"https:\/\/www.tucoemas.org\/#website"},"datePublished":"2024-05-10T05:10:00+00:00","dateModified":"2024-08-02T20:42:14+00:00","author":{"@id":"https:\/\/www.tucoemas.org\/#\/schema\/person\/9b81d028bafdbee30d331d5c36537c5c"},"breadcrumb":{"@id":"https:\/\/www.tucoemas.org\/inclusiv-conference-sustainability-in-action\/#breadcrumb"},"inLanguage":"es-ES","potentialAction":[{"@type":"ReadAction","target":["https:\/\/www.tucoemas.org\/inclusiv-conference-sustainability-in-action\/"]}]},{"@type":"BreadcrumbList","@id":"https:\/\/www.tucoemas.org\/inclusiv-conference-sustainability-in-action\/#breadcrumb","itemListElement":[{"@type":"ListItem","position":1,"name":"Home","item":"https:\/\/www.tucoemas.org\/"},{"@type":"ListItem","position":2,"name":"Inclusiv Conference: Sustainability in Action"}]},{"@type":"WebSite","@id":"https:\/\/www.tucoemas.org\/#website","url":"https:\/\/www.tucoemas.org\/","name":"Uni\u00f3n Cooperativa de Cr\u00e9dito Tucoemas","description":"Una comunidad en ascenso.","potentialAction":[{"@type":"SearchAction","target":{"@type":"EntryPoint","urlTemplate":"https:\/\/www.tucoemas.org\/?s={search_term_string}"},"query-input":{"@type":"PropertyValueSpecification","valueRequired":true,"valueName":"search_term_string"}}],"inLanguage":"es-ES"},{"@type":"Person","@id":"https:\/\/www.tucoemas.org\/#\/schema\/person\/9b81d028bafdbee30d331d5c36537c5c","name":"Rylee Y","image":{"@type":"ImageObject","inLanguage":"es-ES","@id":"https:\/\/secure.gravatar.com\/avatar\/390d81dbb0dad33ea2dec200dfccfced4109a105d32baae3477b6ceb56ec9534?s=96&d=mm&r=g","url":"https:\/\/secure.gravatar.com\/avatar\/390d81dbb0dad33ea2dec200dfccfced4109a105d32baae3477b6ceb56ec9534?s=96&d=mm&r=g","contentUrl":"https:\/\/secure.gravatar.com\/avatar\/390d81dbb0dad33ea2dec200dfccfced4109a105d32baae3477b6ceb56ec9534?s=96&d=mm&r=g","caption":"Rylee Y"},"url":"https:\/\/www.tucoemas.org\/es\/author\/ryleey\/"}]}},"_links":{"self":[{"href":"https:\/\/www.tucoemas.org\/es\/wp-json\/wp\/v2\/posts\/3342","targetHints":{"allow":["GET"]}}],"collection":[{"href":"https:\/\/www.tucoemas.org\/es\/wp-json\/wp\/v2\/posts"}],"about":[{"href":"https:\/\/www.tucoemas.org\/es\/wp-json\/wp\/v2\/types\/post"}],"author":[{"embeddable":true,"href":"https:\/\/www.tucoemas.org\/es\/wp-json\/wp\/v2\/users\/11"}],"replies":[{"embeddable":true,"href":"https:\/\/www.tucoemas.org\/es\/wp-json\/wp\/v2\/comments?post=3342"}],"version-history":[{"count":3,"href":"https:\/\/www.tucoemas.org\/es\/wp-json\/wp\/v2\/posts\/3342\/revisions"}],"predecessor-version":[{"id":3348,"href":"https:\/\/www.tucoemas.org\/es\/wp-json\/wp\/v2\/posts\/3342\/revisions\/3348"}],"wp:attachment":[{"href":"https:\/\/www.tucoemas.org\/es\/wp-json\/wp\/v2\/media?parent=3342"}],"wp:term":[{"taxonomy":"category","embeddable":true,"href":"https:\/\/www.tucoemas.org\/es\/wp-json\/wp\/v2\/categories?post=3342"}],"curies":[{"name":"wp","href":"https:\/\/api.w.org\/{rel}","templated":true}]}}